{"id":3474,"date":"2021-07-26T11:00:43","date_gmt":"2021-07-26T09:00:43","guid":{"rendered":"https:\/\/domainewalbaum.com\/?p=3474"},"modified":"2025-06-24T09:32:50","modified_gmt":"2025-06-24T07:32:50","slug":"le-republicain-lorrain-vins-ardeche-accord-parfait","status":"publish","type":"post","link":"https:\/\/domainewalbaum.com\/en\/le-republicain-lorrain-vins-ardeche-accord-parfait\/","title":{"rendered":"Le R\u00e9publicain Lorrain \u00ab\u00a0Vins d\u2019Ard\u00e8che : l\u2019accord parfait avec la cuisine m\u00e9diterran\u00e9enne \u00e0 l\u2019huile \u00ab\u00a0"},"content":{"rendered":"<p>[et_pb_section fb_built=\u00a0\u00bb1&Prime; _builder_version=\u00a0\u00bb4.8.1&Prime; _module_preset=\u00a0\u00bbdefault\u00a0\u00bb][et_pb_row column_structure=\u00a0\u00bb1_2,1_2&Prime; _builder_version=\u00a0\u00bb4.9.2&Prime; _module_preset=\u00a0\u00bbdefault\u00a0\u00bb][et_pb_column type=\u00a0\u00bb1_2&Prime; _builder_version=\u00a0\u00bb4.8.1&Prime; _module_preset=\u00a0\u00bbdefault\u00a0\u00bb][et_pb_image src=\u00a0\u00bbhttps:\/\/domainewalbaum.com\/wp-content\/uploads\/2021\/07\/symbole-de-l-ardeche-le-pont-de-l-arc-a-vallon-pont-d-arc-est-aussi-un-excellent-sport-pour-une-degustation-1626969305.jpg\u00a0\u00bb title_text=\u00a0\u00bbsymbole-de-l-ardeche-le-pont-de-l-arc-a-vallon-pont-d-arc-est-aussi-un-excellent-sport-pour-une-degustation-1626969305&Prime; _builder_version=\u00a0\u00bb4.9.7&Prime; _module_preset=\u00a0\u00bbdefault\u00a0\u00bb][\/et_pb_image][et_pb_image src=\u00a0\u00bbhttps:\/\/domainewalbaum.com\/wp-content\/uploads\/2021\/07\/meme-s-il-ne-represente-que-10-des-volumes-le-rose-est-pris-au-goulot-des-l-ete-photo-dr-1626969305.jpg\u00a0\u00bb title_text=\u00a0\u00bbmeme-s-il-ne-represente-que-10-des-volumes-le-rose-est-pris-au-goulot-des-l-ete-photo-dr-1626969305&Prime; _builder_version=\u00a0\u00bb4.9.7&Prime; _module_preset=\u00a0\u00bbdefault\u00a0\u00bb][\/et_pb_image][\/et_pb_column][et_pb_column type=\u00a0\u00bb1_2&Prime; _builder_version=\u00a0\u00bb4.9.2&Prime; _module_preset=\u00a0\u00bbdefault\u00a0\u00bb][et_pb_text _builder_version=\u00a0\u00bb4.9.7&Prime; _module_preset=\u00a0\u00bbdefault\u00a0\u00bb]<\/p>\n<p>\u00ab\u00a0Entre garrigue, oliviers et ch\u00eanes verts, le vignoble du sud de l\u2019Ard\u00e8che offre une vaste palette de vins qui font \u00e9cho \u00e0 une cuisine estivale et m\u00e9diterran\u00e9enne o\u00f9 s\u2019imposent les parfums de l\u2019huile d\u2019olive.<\/p>\n<p>Cette palette se d\u00e9cline principalement en IGP ard\u00e8che. Mais n\u2019omettons pas les c\u00f4tes-du-vivarais, les c\u00f4tes-du-rh\u00f4ne et les c\u00f4tes-du-rh\u00f4ne-villages-Saint-And\u00e9ol, qui r\u00eavent de devenir le \u00ab saint-joseph m\u00e9ridional \u00bb.<\/p>\n<p>Nous vous proposons un petit d\u2019horizon \u00e0 travers une quinzaine de cuv\u00e9es, en accord avec des mets classiques ou d\u00e9cal\u00e9s, mais toujours ancr\u00e9s dans une tradition de produits du terroir.\u00a0\u00bb<\/p>\n<p>(&#8230;)<\/p>\n<p>\u00ab\u00a0Dans le m\u00eame esprit, mais avec plus de d\u00e9licatesse et de complexit\u00e9 aromatique, la cuv\u00e9e \u00ab Fleur de vigne \u00bb du domaine Walbaum ressort sur les agrumes et les fruits blancs avec une finale l\u00e9g\u00e8rement acidul\u00e9e. Servez-la avec des beignets de courgettes au citron ou des courgettes en carpaccio coppa et parmesan. Id\u00e9al pour les amateurs de cuisine v\u00e9g\u00e9tarienne (8,20 \u20ac).\u00a0\u00bb<\/p>\n<p>(&#8230;)<\/p>\n<p>\u00ab\u00a0Assembl\u00e9s \u00e0 parit\u00e9, syrah et grenache font merveille comme dans la cuv\u00e9e \u00ab Hommage \u00bb du domaine Walbaum. Issu de vignes quinquag\u00e9naires, ce cru soyeux a pass\u00e9 six mois en cuve et douze mois en f\u00fbts pour peaufiner des ar\u00f4mes de fruits noirs, violette, cacao et \u00e9pices, avec lesquels s\u2019accorde un simple carr\u00e9 d\u2019agneau au thym (18 \u20ac).\u00a0\u00bb<\/p>\n<p>24 Juillet 2021 &#8211; Antonio Mafra pour <a href=\"https:\/\/www.republicain-lorrain.fr\/magazine-gastronomie-et-vins\/2021\/07\/24\/vins-d-ardeche-l-accord-parfait-avec-la-cuisine-mediterraneenne-a-l-huile\">Le R\u00e9publicain Lorrain<\/a><\/p>\n<p>[\/et_pb_text][\/et_pb_column][\/et_pb_row][\/et_pb_section]<\/p>\n","protected":false},"excerpt":{"rendered":"<p>\u00ab\u00a0Entre garrigue, oliviers et ch\u00eanes verts, le vignoble du sud de l\u2019Ard\u00e8che offre une vaste palette de vins qui font \u00e9cho \u00e0 une cuisine estivale et m\u00e9diterran\u00e9enne o\u00f9 s\u2019imposent les parfums de l\u2019huile d\u2019olive. Cette palette se d\u00e9cline principalement en IGP ard\u00e8che. Mais n\u2019omettons pas les c\u00f4tes-du-vivarais, les c\u00f4tes-du-rh\u00f4ne et les c\u00f4tes-du-rh\u00f4ne-villages-Saint-And\u00e9ol, qui r\u00eavent de [&hellip;]<\/p>\n","protected":false},"author":3,"featured_media":3551,"comment_status":"closed","ping_status":"closed","sticky":false,"template":"","format":"standard","meta":{"_et_pb_use_builder":"on","_et_pb_old_content":"","_et_gb_content_width":"","footnotes":""},"categories":[72],"tags":[],"class_list":["post-3474","post","type-post","status-publish","format-standard","has-post-thumbnail","hentry","category-presse"],"_links":{"self":[{"href":"https:\/\/domainewalbaum.com\/en\/wp-json\/wp\/v2\/posts\/3474","targetHints":{"allow":["GET"]}}],"collection":[{"href":"https:\/\/domainewalbaum.com\/en\/wp-json\/wp\/v2\/posts"}],"about":[{"href":"https:\/\/domainewalbaum.com\/en\/wp-json\/wp\/v2\/types\/post"}],"author":[{"embeddable":true,"href":"https:\/\/domainewalbaum.com\/en\/wp-json\/wp\/v2\/users\/3"}],"replies":[{"embeddable":true,"href":"https:\/\/domainewalbaum.com\/en\/wp-json\/wp\/v2\/comments?post=3474"}],"version-history":[{"count":8,"href":"https:\/\/domainewalbaum.com\/en\/wp-json\/wp\/v2\/posts\/3474\/revisions"}],"predecessor-version":[{"id":3552,"href":"https:\/\/domainewalbaum.com\/en\/wp-json\/wp\/v2\/posts\/3474\/revisions\/3552"}],"wp:featuredmedia":[{"embeddable":true,"href":"https:\/\/domainewalbaum.com\/en\/wp-json\/wp\/v2\/media\/3551"}],"wp:attachment":[{"href":"https:\/\/domainewalbaum.com\/en\/wp-json\/wp\/v2\/media?parent=3474"}],"wp:term":[{"taxonomy":"category","embeddable":true,"href":"https:\/\/domainewalbaum.com\/en\/wp-json\/wp\/v2\/categories?post=3474"},{"taxonomy":"post_tag","embeddable":true,"href":"https:\/\/domainewalbaum.com\/en\/wp-json\/wp\/v2\/tags?post=3474"}],"curies":[{"name":"wp","href":"https:\/\/api.w.org\/{rel}","templated":true}]}}